{"id":6238,"date":"2020-07-06T09:46:05","date_gmt":"2020-07-06T09:46:05","guid":{"rendered":"https:\/\/cirugiaplasticaandorra.com\/danys-en-els-nervis-despres-duna-cirurgia-plastica\/"},"modified":"2021-05-20T10:25:08","modified_gmt":"2021-05-20T10:25:08","slug":"danys-en-els-nervis-despres-duna-cirurgia-plastica","status":"publish","type":"post","link":"https:\/\/cirugiaplasticaandorra.com\/ca\/danys-en-els-nervis-despres-duna-cirurgia-plastica\/","title":{"rendered":"Danys en els nervis despr\u00e9s d&#8217;una cirurgia pl\u00e0stica"},"content":{"rendered":"<p><div class=\"fusion-fullwidth fullwidth-box fusion-builder-row-1 nonhundred-percent-fullwidth non-hundred-percent-height-scrolling\" style=\"--awb-border-radius-top-left:0px;--awb-border-radius-top-right:0px;--awb-border-radius-bottom-right:0px;--awb-border-radius-bottom-left:0px;--awb-flex-wrap:wrap;\" ><div class=\"fusion-builder-row fusion-row\"><div class=\"fusion-layout-column fusion_builder_column fusion-builder-column-0 fusion_builder_column_1_1 1_1 fusion-one-full fusion-column-first fusion-column-last\" style=\"--awb-padding-top:25px;--awb-padding-bottom:25px;--awb-bg-size:cover;\"><div class=\"fusion-column-wrapper fusion-column-has-shadow fusion-flex-column-wrapper-legacy\"><div class=\"fusion-text fusion-text-1\"><p>La cirurgia pl\u00e0stica, est\u00e8tica i de reconstrucci\u00f3 engloba una quantitat de procediments quir\u00fargics en diferents parts del cos. Qualsevol t\u00e8cnica emprada pot portar com a conseq\u00fc\u00e8ncia una complicaci\u00f3 postoperat\u00f2ria, una de les m\u00e9s freq\u00fcents \u00e9s el <strong>mal als nervis de manera temporal o permanent<\/strong>.<\/p>\n<p>La cirurgia pl\u00e0stica es pot realitzar en qualsevol moment de l&#8217;any, sempre hem de tenir en compte les limitacions que podem tenir en \u00e8poques estivals. Som una de les <strong>cl\u00edniques l\u00edder a Andorra en cirurgia pl\u00e0stiques i est\u00e8tica<\/strong>, gr\u00e0cies principalment a l&#8217;experi\u00e8ncia del Dr. Fabrizio Moscatiello.<\/p>\n<p>En l&#8217;Institut de cirurgia pl\u00e0stica Dr. Fabrizio Moscatiello comptem amb un equip m\u00e8dic especialitzat amb m\u00e9s de 15 anys d&#8217;experi\u00e8ncia, amb una \u00e0mplia traject\u00f2ria professional en cirurgia est\u00e8tica, aconseguint <strong>resultats molt naturals i satisfactoris per a les nostres pacients<\/strong> amb les operacions de cirurgia est\u00e8tica a Andorra. Tot aix\u00f2 amb un tracte personalitzat i d&#8217;acord amb les teves expectatives, fent-te sentir-te c\u00f2moda en tot moment.<\/p>\n<\/div><div class=\"fusion-clearfix\"><\/div><\/div><\/div><div class=\"fusion-layout-column fusion_builder_column fusion-builder-column-1 fusion_builder_column_1_1 1_1 fusion-one-full fusion-column-first fusion-column-last fusion-no-small-visibility\" style=\"--awb-bg-size:cover;\"><div class=\"fusion-column-wrapper fusion-column-has-shadow fusion-flex-column-wrapper-legacy\"><div class=\"fusion-menu-anchor\" id=\"hablamos\"><\/div><div class=\"fusion-title title fusion-title-1 fusion-sep-none fusion-title-center fusion-title-text fusion-title-size-two\" style=\"--awb-margin-bottom:5px;--awb-margin-bottom-small:5px;--awb-font-size:28px;\"><h2 class=\"fusion-title-heading title-heading-center fusion-responsive-typography-calculated\" style=\"margin:0;font-size:1em;--fontSize:28;line-height:1.18;\">Demana la teva cita ara!<\/h2><\/div><div class=\"fusion-title title fusion-title-2 fusion-sep-none fusion-title-center fusion-title-text fusion-title-size-three\" style=\"--awb-margin-top:5px;--awb-margin-top-small:5px;\"><h3 class=\"fusion-title-heading title-heading-center fusion-responsive-typography-calculated\" style=\"margin:0;--fontSize:27;line-height:1.3;\"><p style=\"text-align: center\">La teva primera visita \u00e9s gratu\u00efta<\/p><\/h3><\/div><div class=\"fusion-clearfix\"><\/div><\/div><\/div><div class=\"fusion-layout-column fusion_builder_column fusion-builder-column-2 fusion_builder_column_1_1 1_1 fusion-one-full fusion-column-first fusion-column-last fusion-no-medium-visibility fusion-no-large-visibility\" style=\"--awb-bg-size:cover;\"><div class=\"fusion-column-wrapper fusion-column-has-shadow fusion-flex-column-wrapper-legacy\"><div class=\"fusion-menu-anchor\" id=\"hablamos\"><\/div><div class=\"fusion-title title fusion-title-3 fusion-sep-none fusion-title-center fusion-title-text fusion-title-size-two\" style=\"--awb-margin-bottom:5px;--awb-margin-bottom-small:5px;--awb-font-size:26px;\"><h2 class=\"fusion-title-heading title-heading-center fusion-responsive-typography-calculated\" style=\"margin:0;font-size:1em;--fontSize:26;--minFontSize:26;line-height:1.18;\">Demana la teva cita ara!<\/h2><\/div><div class=\"fusion-title title fusion-title-4 fusion-sep-none fusion-title-center fusion-title-text fusion-title-size-three\" style=\"--awb-margin-top:5px;--awb-margin-top-small:5px;--awb-font-size:22px;\"><h3 class=\"fusion-title-heading title-heading-center fusion-responsive-typography-calculated\" style=\"margin:0;font-size:1em;--fontSize:22;--minFontSize:22;line-height:1.3;\"><p style=\"text-align: center\">La teva primera visita \u00e9s gratu\u00efta<\/p><\/h3><\/div><div class=\"fusion-clearfix\"><\/div><\/div><\/div><div class=\"fusion-layout-column fusion_builder_column fusion-builder-column-3 fusion_builder_column_1_6 1_6 fusion-one-sixth fusion-column-first\" style=\"--awb-bg-size:cover;width:16.666666666667%;width:calc(16.666666666667% - ( ( 4% + 4% ) * 0.16666666666667 ) );margin-right: 4%;\"><div class=\"fusion-column-wrapper fusion-column-has-shadow fusion-flex-column-wrapper-legacy\"><div class=\"fusion-clearfix\"><\/div><\/div><\/div><div class=\"fusion-layout-column fusion_builder_column fusion-builder-column-4 fusion_builder_column_2_3 2_3 fusion-two-third\" style=\"--awb-bg-size:cover;width:66.666666666667%;width:calc(66.666666666667% - ( ( 4% + 4% ) * 0.66666666666667 ) );margin-right: 4%;\"><div class=\"fusion-column-wrapper fusion-column-has-shadow fusion-flex-column-wrapper-legacy\">\n<div class=\"wpcf7 no-js\" id=\"wpcf7-f2726-o1\" lang=\"ca\" dir=\"ltr\" data-wpcf7-id=\"2726\">\n<div class=\"screen-reader-response\"><p role=\"status\" aria-live=\"polite\" aria-atomic=\"true\"><\/p> <ul><\/ul><\/div>\n<form action=\"\/ca\/wp-json\/wp\/v2\/posts\/6238#wpcf7-f2726-o1\" method=\"post\" class=\"wpcf7-form init\" aria-label=\"Formulari de contacte\" novalidate=\"novalidate\" data-status=\"init\">\n<div style=\"display: none;\">\n<input type=\"hidden\" name=\"_wpcf7\" value=\"2726\" \/>\n<input type=\"hidden\" name=\"_wpcf7_version\" value=\"6.0.1\" \/>\n<input type=\"hidden\" name=\"_wpcf7_locale\" value=\"ca\" \/>\n<input type=\"hidden\" name=\"_wpcf7_unit_tag\" value=\"wpcf7-f2726-o1\" \/>\n<input type=\"hidden\" name=\"_wpcf7_container_post\" value=\"0\" \/>\n<input type=\"hidden\" name=\"_wpcf7_posted_data_hash\" value=\"\" \/>\n<\/div>\n<div class=\"one-half\">\n\t<p>Digues-nos el teu nom... (obligatori)<br \/>\n<span class=\"wpcf7-form-control-wrap\" data-name=\"tu-nombre\"><input size=\"40\" maxlength=\"400\" class=\"wpcf7-form-control wpcf7-text wpcf7-validates-as-required\" aria-required=\"true\" aria-invalid=\"false\" value=\"\" type=\"text\" name=\"tu-nombre\" \/><\/span>\n\t<\/p>\n<\/div>\n<div class=\"one-half last\">\n\t<p>Digues-nos el teu cognom... (obligatori)<br \/>\n<span class=\"wpcf7-form-control-wrap\" data-name=\"tu-apellido\"><input size=\"40\" maxlength=\"400\" class=\"wpcf7-form-control wpcf7-text wpcf7-validates-as-required\" aria-required=\"true\" aria-invalid=\"false\" value=\"\" type=\"text\" name=\"tu-apellido\" \/><\/span>\n\t<\/p>\n<\/div>\n<div class=\"one-half\">\n\t<p>Deixa'ns el teu tel\u00e8fon... (obligatori)<br \/>\n<span class=\"wpcf7-form-control-wrap\" data-name=\"tu-telefono\"><input size=\"40\" maxlength=\"400\" minlength=\"9\" class=\"wpcf7-form-control wpcf7-tel wpcf7-validates-as-required wpcf7-text wpcf7-validates-as-tel\" aria-required=\"true\" aria-invalid=\"false\" value=\"\" type=\"tel\" name=\"tu-telefono\" \/><\/span><br \/>\n<span id=\"wpcf7-69f4c0b9ad9e1-wrapper\" class=\"wpcf7-form-control-wrap tu-web-wrap\" ><label for=\"wpcf7-69f4c0b9ad9e1-field\" class=\"hp-message\">Deixeu aquest camp buit.<\/label><input id=\"wpcf7-69f4c0b9ad9e1-field\"  placeholder=\"...d\u00e9janos tu web...\"  class=\"wpcf7-form-control wpcf7-text\" type=\"text\" name=\"tu-web\" value=\"\" size=\"40\" tabindex=\"-1\" autocomplete=\"new-password\" \/><\/span>\n\t<\/p>\n<\/div>\n<div class=\"one-half last\">\n\t<p>Deixa'ns el teu email... (obligatori)<br \/>\n<span class=\"wpcf7-form-control-wrap\" data-name=\"email\"><input size=\"40\" maxlength=\"400\" class=\"wpcf7-form-control wpcf7-email wpcf7-validates-as-required wpcf7-text wpcf7-validates-as-email\" aria-required=\"true\" aria-invalid=\"false\" value=\"\" type=\"email\" name=\"email\" \/><\/span>\n\t<\/p>\n<\/div>\n<p>Digues-nos en qu\u00e8 est\u00e0s interesseu@ (ciutat, cirugia,,,,)<br \/>\n<span class=\"wpcf7-form-control-wrap\" data-name=\"tu-mensaje\"><textarea cols=\"40\" rows=\"10\" maxlength=\"2000\" class=\"wpcf7-form-control wpcf7-textarea\" aria-invalid=\"false\" name=\"tu-mensaje\"><\/textarea><\/span>\n<\/p>\n<p style=\"padding-bottom:5px !important;padding-top:20px !important;font-size:16px!important;text-align: center;\"><label><span class=\"wpcf7-form-control-wrap\" data-name=\"Aceptacion\"><span class=\"wpcf7-form-control wpcf7-acceptance\"><span class=\"wpcf7-list-item\"><input type=\"checkbox\" name=\"Aceptacion\" value=\"1\" aria-invalid=\"false\" \/><\/span><\/span><\/span> Marca la casella si acceptes i entens nostre <a href=\"\/ca\/avis-legal\/\" target=\"_blank\" style=\"text-decoration:none;\"><span style=\"font-weight: bold;\">avis legal<\/span><\/a> y la nostra <a href=\"\/ca\/politica-de-privacitat\/\" target=\"_blank\" style=\"text-decoration:none;\"><span style=\"font-weight: bold;\">pol\u00edtica de privacitat<\/span><\/a>.<\/label>\n<\/p>\n<p class=\"boton-centrar\"><input class=\"wpcf7-form-control wpcf7-submit has-spinner\" type=\"submit\" value=\"\u00bfPARLEM?\" \/>\n<\/p><div class=\"fusion-alert alert custom alert-custom fusion-alert-center wpcf7-response-output fusion-alert-capitalize awb-alert-native-link-color alert-dismissable awb-alert-close-boxed\" style=\"--awb-border-size:1px;--awb-border-top-left-radius:0px;--awb-border-top-right-radius:0px;--awb-border-bottom-left-radius:0px;--awb-border-bottom-right-radius:0px;\" role=\"alert\"><div class=\"fusion-alert-content-wrapper\"><span class=\"fusion-alert-content\"><\/span><\/div><button type=\"button\" class=\"close toggle-alert\" data-dismiss=\"alert\" aria-label=\"Close\">&times;<\/button><\/div>\n<\/form>\n<\/div>\n<div class=\"fusion-clearfix\"><\/div><\/div><\/div><div class=\"fusion-layout-column fusion_builder_column fusion-builder-column-5 fusion_builder_column_1_6 1_6 fusion-one-sixth fusion-column-last\" style=\"--awb-bg-size:cover;width:16.666666666667%;width:calc(16.666666666667% - ( ( 4% + 4% ) * 0.16666666666667 ) );\"><div class=\"fusion-column-wrapper fusion-column-has-shadow fusion-flex-column-wrapper-legacy\"><div class=\"fusion-clearfix\"><\/div><\/div><\/div><\/div><\/div><div class=\"fusion-fullwidth fullwidth-box fusion-builder-row-2 nonhundred-percent-fullwidth non-hundred-percent-height-scrolling\" style=\"--awb-border-radius-top-left:0px;--awb-border-radius-top-right:0px;--awb-border-radius-bottom-right:0px;--awb-border-radius-bottom-left:0px;--awb-flex-wrap:wrap;\" ><div class=\"fusion-builder-row fusion-row\"><div class=\"fusion-layout-column fusion_builder_column fusion-builder-column-6 fusion_builder_column_1_1 1_1 fusion-one-full fusion-column-first fusion-column-last fusion-no-small-visibility\" style=\"--awb-bg-size:cover;\"><div class=\"fusion-column-wrapper fusion-column-has-shadow fusion-flex-column-wrapper-legacy\"><div class=\"fusion-title title fusion-title-5 fusion-sep-none fusion-title-text fusion-title-size-two\" style=\"--awb-font-size:45px;\"><h2 class=\"fusion-title-heading title-heading-left fusion-responsive-typography-calculated\" style=\"margin:0;font-size:1em;--fontSize:45;line-height:1.18;\">Causes m\u00e9s freq\u00fcents, efectes del mal i recuperaci\u00f3<\/h2><\/div><div class=\"fusion-clearfix\"><\/div><\/div><\/div><div class=\"fusion-layout-column fusion_builder_column fusion-builder-column-7 fusion_builder_column_1_1 1_1 fusion-one-full fusion-column-first fusion-column-last fusion-no-medium-visibility fusion-no-large-visibility\" style=\"--awb-bg-size:cover;\"><div class=\"fusion-column-wrapper fusion-column-has-shadow fusion-flex-column-wrapper-legacy\"><div class=\"fusion-title title fusion-title-6 fusion-sep-none fusion-title-text fusion-title-size-two\" style=\"--awb-font-size:38px;\"><h2 class=\"fusion-title-heading title-heading-left fusion-responsive-typography-calculated\" style=\"margin:0;font-size:1em;--fontSize:38;line-height:1.18;\">Causes m\u00e9s freq\u00fcents, efectes del mal i recuperaci\u00f3<\/h2><\/div><div class=\"fusion-clearfix\"><\/div><\/div><\/div><div class=\"fusion-layout-column fusion_builder_column fusion-builder-column-8 fusion_builder_column_1_1 1_1 fusion-one-full fusion-column-first fusion-column-last\" style=\"--awb-bg-size:cover;\"><div class=\"fusion-column-wrapper fusion-column-has-shadow fusion-flex-column-wrapper-legacy\"><div class=\"fusion-text fusion-text-2\"><p>L&#8217;etiologia de les lesions nervioses relacionades a un procediment de cirurgia pl\u00e0stica <strong>van des dels m\u00e9s greus amb danys irreversibles fins a les menors amb danys temporals recuperables<\/strong>. Les causes freq\u00fcents s\u00f3n les seg\u00fcents:<\/p>\n<\/div><div class=\"fusion-clearfix\"><\/div><\/div><\/div><\/div><\/div><div class=\"fusion-fullwidth fullwidth-box fusion-builder-row-3 nonhundred-percent-fullwidth non-hundred-percent-height-scrolling\" style=\"--awb-border-radius-top-left:0px;--awb-border-radius-top-right:0px;--awb-border-radius-bottom-right:0px;--awb-border-radius-bottom-left:0px;--awb-flex-wrap:wrap;\" ><div class=\"fusion-builder-row fusion-row\"><div class=\"fusion-layout-column fusion_builder_column fusion-builder-column-9 fusion_builder_column_1_1 1_1 fusion-one-full fusion-column-first fusion-column-last\" style=\"--awb-bg-size:cover;\"><div class=\"fusion-column-wrapper fusion-column-has-shadow fusion-flex-column-wrapper-legacy\"><div class=\"fusion-title title fusion-title-7 fusion-sep-none fusion-title-text fusion-title-size-three\"><h3 class=\"fusion-title-heading title-heading-left fusion-responsive-typography-calculated\" style=\"margin:0;--fontSize:27;line-height:1.3;\">Secci\u00f3 completa del nervi<\/h3><\/div><div class=\"fusion-clearfix\"><\/div><\/div><\/div><div class=\"fusion-layout-column fusion_builder_column fusion-builder-column-10 fusion_builder_column_1_1 1_1 fusion-one-full fusion-column-first fusion-column-last\" style=\"--awb-bg-size:cover;\"><div class=\"fusion-column-wrapper fusion-column-has-shadow fusion-flex-column-wrapper-legacy\"><div class=\"fusion-text fusion-text-3\"><p>Encara que en alguns casos espec\u00edfics no \u00e9s evitable, \u00e9s un risc que cal c\u00f3rrer per a operar determinades zones. <strong>Es realitza amb algun objecte tallant com a bistur\u00ed o tisores<\/strong>. Tamb\u00e9 es pot tallar per la calor amb un electrocauterio. No en tots els casos ocorre una iatrogenia.<\/p>\n<p>Els s\u00edmptomes que presenta el pacients en aquests casos s\u00f3n parest\u00e8sia de la zona operada o els m\u00fasculs circumdants. A part, poden presentar <strong>formigueig, feblesa i p\u00e8rdua de for\u00e7a<\/strong>.<\/p>\n<p>El mal \u00e9s gaireb\u00e9 irreversible si no es reconstrueix la terminaci\u00f3 nerviosa o es fa un empelt a trav\u00e9s d&#8217;una altra cirurgia, nom\u00e9s aix\u00ed se li retornar\u00e0 al pacient la restauraci\u00f3 de les seves funcions.<\/p>\n<\/div><div class=\"fusion-clearfix\"><\/div><\/div><\/div><\/div><\/div><div class=\"fusion-fullwidth fullwidth-box fusion-builder-row-4 nonhundred-percent-fullwidth non-hundred-percent-height-scrolling\" style=\"--awb-border-radius-top-left:0px;--awb-border-radius-top-right:0px;--awb-border-radius-bottom-right:0px;--awb-border-radius-bottom-left:0px;--awb-flex-wrap:wrap;\" ><div class=\"fusion-builder-row fusion-row\"><div class=\"fusion-layout-column fusion_builder_column fusion-builder-column-11 fusion_builder_column_1_1 1_1 fusion-one-full fusion-column-first fusion-column-last\" style=\"--awb-bg-size:cover;\"><div class=\"fusion-column-wrapper fusion-column-has-shadow fusion-flex-column-wrapper-legacy\"><div class=\"fusion-title title fusion-title-8 fusion-sep-none fusion-title-text fusion-title-size-three\"><h3 class=\"fusion-title-heading title-heading-left fusion-responsive-typography-calculated\" style=\"margin:0;--fontSize:27;line-height:1.3;\">Manipulaci\u00f3 instrumental<\/h3><\/div><div class=\"fusion-clearfix\"><\/div><\/div><\/div><div class=\"fusion-layout-column fusion_builder_column fusion-builder-column-12 fusion_builder_column_1_1 1_1 fusion-one-full fusion-column-first fusion-column-last\" style=\"--awb-bg-size:cover;\"><div class=\"fusion-column-wrapper fusion-column-has-shadow fusion-flex-column-wrapper-legacy\"><div class=\"fusion-text fusion-text-4\"><p>En uns certs actes quir\u00fargics cal separar alguns teixits per a poder accedir a l&#8217;\u00e0rea a tractar. En aquesta manipulaci\u00f3, que es realitza amb alguns separadors instrumentals, <strong>pot oc\u00f3rrer un estirament dels nervis<\/strong> i perden una certa elasticitat i fortalesa.<\/p>\n<p>El mal \u00e9s lleu. Els s\u00edmptomes que es poden presentar <strong>s\u00f3n sensaci\u00f3 de formigueig o entumiment<\/strong>, que despr\u00e9s es podran recuperar mentre la innervaci\u00f3 torna a recuperar la seva tonicitat.<\/p>\n<p>El greuge \u00e9s temporal, nom\u00e9s \u00e9s q\u00fcesti\u00f3 de temps per a la recuperaci\u00f3. D&#8217;aix\u00f2 s&#8217;encarrega el sistema immunol\u00f2gic, nom\u00e9s uns mesos o setmanes passessin i <strong>es podr\u00e0 recuperar les funcions sensitives i motores<\/strong>.<\/p>\n<\/div><div class=\"fusion-clearfix\"><\/div><\/div><\/div><\/div><\/div><div class=\"fusion-fullwidth fullwidth-box fusion-builder-row-5 nonhundred-percent-fullwidth non-hundred-percent-height-scrolling\" style=\"--awb-border-sizes-top:1px;--awb-border-sizes-bottom:1px;--awb-border-sizes-left:0px;--awb-border-sizes-right:0px;--awb-border-color:#eae1e4;--awb-border-radius-top-left:0px;--awb-border-radius-top-right:0px;--awb-border-radius-bottom-right:0px;--awb-border-radius-bottom-left:0px;--awb-margin-bottom:60px;--awb-flex-wrap:wrap;\" ><div class=\"fusion-builder-row fusion-row\"><div class=\"fusion-layout-column fusion_builder_column fusion-builder-column-13 fusion_builder_column_2_3 2_3 fusion-two-third fusion-column-first fusion-no-medium-visibility fusion-no-large-visibility\" style=\"--awb-bg-size:cover;width:65.3333%; margin-right: 4%;\"><div class=\"fusion-column-wrapper fusion-column-has-shadow fusion-flex-column-wrapper-legacy\"><div class=\"fusion-title title fusion-title-9 fusion-sep-none fusion-title-text fusion-title-size-two\"><h2 class=\"fusion-title-heading title-heading-left fusion-responsive-typography-calculated\" style=\"margin:0;--fontSize:48;line-height:1.18;\">Els millors cirurgians en cirurgia pl\u00e0stica i est\u00e8tica<\/h2><\/div><div class=\"fusion-clearfix\"><\/div><\/div><\/div><div class=\"fusion-layout-column fusion_builder_column fusion-builder-column-14 fusion_builder_column_2_3 2_3 fusion-two-third fusion-column-first fusion-no-small-visibility\" style=\"--awb-bg-size:cover;--awb-margin-top:0px;--awb-margin-bottom:0px;width:66.666666666667%;width:calc(66.666666666667% - ( ( 4% ) * 0.66666666666667 ) );margin-right: 4%;\"><div class=\"fusion-column-wrapper fusion-column-has-shadow fusion-flex-column-wrapper-legacy\"><div class=\"fusion-title title fusion-title-10 fusion-sep-none fusion-title-text fusion-title-size-two\" style=\"--awb-margin-top:23%;\"><h2 class=\"fusion-title-heading title-heading-left fusion-responsive-typography-calculated\" style=\"margin:0;--fontSize:48;line-height:1.18;\">Els millors cirurgians en cirurgia pl\u00e0stica i est\u00e8tica<\/h2><\/div><div class=\"fusion-clearfix\"><\/div><\/div><\/div><div class=\"fusion-layout-column fusion_builder_column fusion-builder-column-15 fusion_builder_column_1_3 1_3 fusion-one-third fusion-column-last\" style=\"--awb-bg-size:cover;--awb-margin-top:0px;--awb-margin-bottom:0px;width:33.333333333333%;width:calc(33.333333333333% - ( ( 4% ) * 0.33333333333333 ) );\"><div class=\"fusion-column-wrapper fusion-column-has-shadow fusion-flex-column-wrapper-legacy\"><div class=\"fusion-image-element fusion-image-align-center in-legacy-container\" style=\"text-align:center;--awb-caption-title-font-family:var(--h2_typography-font-family);--awb-caption-title-font-weight:var(--h2_typography-font-weight);--awb-caption-title-font-style:var(--h2_typography-font-style);--awb-caption-title-size:var(--h2_typography-font-size);--awb-caption-title-transform:var(--h2_typography-text-transform);--awb-caption-title-line-height:var(--h2_typography-line-height);--awb-caption-title-letter-spacing:var(--h2_typography-letter-spacing);\"><div class=\"imageframe-align-center\"><span class=\" fusion-imageframe imageframe-none imageframe-1 hover-type-none\"><img decoding=\"async\" width=\"375\" height=\"500\" alt=\"Els millors cirurgians en augment de pit\" title=\"El millor cirurgi\u00e0\" src=\"https:\/\/cirugiaplasticaandorra.com\/imagenes\/El-mejor-cirujano-Fabrizio-Moscatiello.jpg\" class=\"img-responsive wp-image-3263\" srcset=\"https:\/\/cirugiaplasticaandorra.com\/imagenes\/El-mejor-cirujano-Fabrizio-Moscatiello-200x267.jpg 200w, https:\/\/cirugiaplasticaandorra.com\/imagenes\/El-mejor-cirujano-Fabrizio-Moscatiello.jpg 375w\" sizes=\"(max-width: 800px) 100vw, 375px\" \/><\/span><\/div><\/div><div class=\"fusion-clearfix\"><\/div><\/div><\/div><\/div><\/div><div class=\"fusion-fullwidth fullwidth-box fusion-builder-row-6 nonhundred-percent-fullwidth non-hundred-percent-height-scrolling\" style=\"--awb-border-radius-top-left:0px;--awb-border-radius-top-right:0px;--awb-border-radius-bottom-right:0px;--awb-border-radius-bottom-left:0px;--awb-flex-wrap:wrap;\" ><div class=\"fusion-builder-row fusion-row\"><div class=\"fusion-layout-column fusion_builder_column fusion-builder-column-16 fusion_builder_column_1_1 1_1 fusion-one-full fusion-column-first fusion-column-last\" style=\"--awb-bg-size:cover;\"><div class=\"fusion-column-wrapper fusion-column-has-shadow fusion-flex-column-wrapper-legacy\"><div class=\"fusion-title title fusion-title-11 fusion-sep-none fusion-title-text fusion-title-size-three\"><h3 class=\"fusion-title-heading title-heading-left fusion-responsive-typography-calculated\" style=\"margin:0;--fontSize:27;line-height:1.3;\">Neuropraxia per laceraci\u00f3 o pressi\u00f3<\/h3><\/div><div class=\"fusion-clearfix\"><\/div><\/div><\/div><div class=\"fusion-layout-column fusion_builder_column fusion-builder-column-17 fusion_builder_column_1_1 1_1 fusion-one-full fusion-column-first fusion-column-last\" style=\"--awb-bg-size:cover;\"><div class=\"fusion-column-wrapper fusion-column-has-shadow fusion-flex-column-wrapper-legacy\"><div class=\"fusion-text fusion-text-5\"><p>El mal neuronal <strong>ocorre perqu\u00e8 alguna de les fibres nervioses van ser dividides de la tija<\/strong>. Aix\u00ed mateix, en alguns procediments est\u00e8tics es mant\u00e9 el nervi sota pressi\u00f3 o aixafament, la qual cosa impedeix el pas de l&#8217;oxigen suficient i ocorre una isqu\u00e8mia en alguna de les fibres.<\/p>\n<p>La simptomatologia que es pot presentar \u00e9s un dolor intens acompanyat de cremor, pell freda i feblesa en els m\u00fasculs. En alguns d&#8217;aquests casos, el cos recupera les funcions, per\u00f2 en la majoria <strong>s&#8217;ha d&#8217;acompanyar la recuperaci\u00f3 amb algunes ter\u00e0pies f\u00edsiques i de rehabilitaci\u00f3<\/strong>.<\/p>\n<p>El <strong>mal \u00e9s temporal<\/strong> per\u00f2 el sistema nervi\u00f3s no es recupera nom\u00e9s. Cal ajudar-ho mitjan\u00e7ant l&#8217;estimulaci\u00f3 de t\u00e8cniques terap\u00e8utiques que ajudin a recobrar la vitalitat dels impulsos nerviosos.<\/p>\n<\/div><div class=\"fusion-clearfix\"><\/div><\/div><\/div><\/div><\/div><div class=\"fusion-fullwidth fullwidth-box fusion-builder-row-7 nonhundred-percent-fullwidth non-hundred-percent-height-scrolling\" style=\"--awb-border-radius-top-left:0px;--awb-border-radius-top-right:0px;--awb-border-radius-bottom-right:0px;--awb-border-radius-bottom-left:0px;--awb-flex-wrap:wrap;\" ><div class=\"fusion-builder-row fusion-row\"><div class=\"fusion-layout-column fusion_builder_column fusion-builder-column-18 fusion_builder_column_1_1 1_1 fusion-one-full fusion-column-first fusion-column-last fusion-no-medium-visibility fusion-no-large-visibility\" style=\"--awb-bg-size:cover;\"><div class=\"fusion-column-wrapper fusion-column-has-shadow fusion-flex-column-wrapper-legacy\"><div class=\"fusion-title title fusion-title-12 fusion-sep-none fusion-title-text fusion-title-size-two\"><h2 class=\"fusion-title-heading title-heading-left fusion-responsive-typography-calculated\" style=\"margin:0;--fontSize:48;line-height:1.18;\">Quins nervis es veuen afectats segons cada procediment?<\/h2><\/div><div class=\"fusion-clearfix\"><\/div><\/div><\/div><div class=\"fusion-layout-column fusion_builder_column fusion-builder-column-19 fusion_builder_column_1_1 1_1 fusion-one-full fusion-column-first fusion-column-last fusion-no-small-visibility\" style=\"--awb-bg-size:cover;\"><div class=\"fusion-column-wrapper fusion-column-has-shadow fusion-flex-column-wrapper-legacy\"><div class=\"fusion-title title fusion-title-13 fusion-sep-none fusion-title-text fusion-title-size-two\"><h2 class=\"fusion-title-heading title-heading-left fusion-responsive-typography-calculated\" style=\"margin:0;--fontSize:48;line-height:1.18;\">Quins nervis es veuen afectats segons cada procediment?<\/h2><\/div><div class=\"fusion-clearfix\"><\/div><\/div><\/div><div class=\"fusion-layout-column fusion_builder_column fusion-builder-column-20 fusion_builder_column_1_1 1_1 fusion-one-full fusion-column-first fusion-column-last\" style=\"--awb-bg-size:cover;\"><div class=\"fusion-column-wrapper fusion-column-has-shadow fusion-flex-column-wrapper-legacy\"><div class=\"fusion-text fusion-text-6\"><p>Dep\u00e8n de la zona operada hi ha un mal parcial o total dels nervis que innerven l&#8217;\u00e0rea a reconstruir. \u00c9s interessant con\u00e8ixer <strong>quin nervi es pot veure afectat<\/strong> abans de realitzar algun tipus de cirurgia pl\u00e0stica.<\/p>\n<\/div><div class=\"fusion-clearfix\"><\/div><\/div><\/div><\/div><\/div><div class=\"fusion-fullwidth fullwidth-box fusion-builder-row-8 nonhundred-percent-fullwidth non-hundred-percent-height-scrolling\" style=\"--awb-border-radius-top-left:0px;--awb-border-radius-top-right:0px;--awb-border-radius-bottom-right:0px;--awb-border-radius-bottom-left:0px;--awb-flex-wrap:wrap;\" ><div class=\"fusion-builder-row fusion-row\"><div class=\"fusion-layout-column fusion_builder_column fusion-builder-column-21 fusion_builder_column_1_1 1_1 fusion-one-full fusion-column-first fusion-column-last\" style=\"--awb-bg-size:cover;\"><div class=\"fusion-column-wrapper fusion-column-has-shadow fusion-flex-column-wrapper-legacy\"><div class=\"fusion-title title fusion-title-14 fusion-sep-none fusion-title-text fusion-title-size-three\"><h3 class=\"fusion-title-heading title-heading-left fusion-responsive-typography-calculated\" style=\"margin:0;--fontSize:27;line-height:1.3;\">Cirurgia mam\u00e0ria<\/h3><\/div><div class=\"fusion-clearfix\"><\/div><\/div><\/div><div class=\"fusion-layout-column fusion_builder_column fusion-builder-column-22 fusion_builder_column_1_1 1_1 fusion-one-full fusion-column-first fusion-column-last\" style=\"--awb-bg-size:cover;\"><div class=\"fusion-column-wrapper fusion-column-has-shadow fusion-flex-column-wrapper-legacy\"><div class=\"fusion-text fusion-text-7\"><p>Les cirurgies m\u00e9s comunes en mama s\u00f3n la <a href=\"https:\/\/cirugiaplasticaandorra.com\/ca\/cirurgia-mamaria\/augment-de-pit\/\">mamoplastia d&#8217;augment<\/a>, de reducci\u00f3 o la mastopexia. Totes poden deixar alguna lesi\u00f3 neuronal, on es poden lesionar principalment tots els<strong>nervis que formen part del complex areola-mugr\u00f3<\/strong> o les ramificacions dels <strong>nervis costals<\/strong>.<\/p>\n<p>Els s\u00edmptomes que es poden presentar s\u00f3n:<\/p>\n<ul>\n<li><strong>Disestesias<\/strong> del complex areola-mugr\u00f3.<\/li>\n<li>P\u00e8rdua de la sensibilitat en el mugr\u00f3:<\/li>\n<li><strong>Entumiment de la pell mam\u00e0ria.<\/strong><\/li>\n<\/ul>\n<\/div><div class=\"fusion-clearfix\"><\/div><\/div><\/div><\/div><\/div><div class=\"fusion-fullwidth fullwidth-box fusion-builder-row-9 nonhundred-percent-fullwidth non-hundred-percent-height-scrolling\" style=\"--awb-border-radius-top-left:0px;--awb-border-radius-top-right:0px;--awb-border-radius-bottom-right:0px;--awb-border-radius-bottom-left:0px;--awb-flex-wrap:wrap;\" ><div class=\"fusion-builder-row fusion-row\"><div class=\"fusion-layout-column fusion_builder_column fusion-builder-column-23 fusion_builder_column_1_1 1_1 fusion-one-full fusion-column-first fusion-column-last\" style=\"--awb-bg-size:cover;\"><div class=\"fusion-column-wrapper fusion-column-has-shadow fusion-flex-column-wrapper-legacy\"><div class=\"fusion-title title fusion-title-15 fusion-sep-none fusion-title-text fusion-title-size-three\"><h3 class=\"fusion-title-heading title-heading-left fusion-responsive-typography-calculated\" style=\"margin:0;--fontSize:27;line-height:1.3;\">Cirurgia facial<\/h3><\/div><div class=\"fusion-clearfix\"><\/div><\/div><\/div><div class=\"fusion-layout-column fusion_builder_column fusion-builder-column-24 fusion_builder_column_1_1 1_1 fusion-one-full fusion-column-first fusion-column-last\" style=\"--awb-bg-size:cover;\"><div class=\"fusion-column-wrapper fusion-column-has-shadow fusion-flex-column-wrapper-legacy\"><div class=\"fusion-text fusion-text-8\"><p>Tamb\u00e9 hi ha <strong>riscos per lesions nervioses<\/strong> en cirurgies realitzades en el contorn facial com blefaroplastia, rinopl\u00e0stia, ritidectom\u00eda i genioplastia. Les p\u00e8rdues poden ser sensitives o motores.<\/p>\n<p>Els m\u00e9s afectats s\u00f3n <strong>els nervis supra o infraorbitaris, facials, nasals, auricular, mandibular i mentoniano<\/strong>. El pacient post operat pot presentar asimetria, incapacitat de la mobilitat d&#8217;alguna part de la cara, endormiscament formiguejo o cremor en ull, o\u00efda, nas, ment\u00f3 o front.<\/p>\n<\/div><div class=\"fusion-clearfix\"><\/div><\/div><\/div><\/div><\/div><div class=\"fusion-fullwidth fullwidth-box fusion-builder-row-10 nonhundred-percent-fullwidth non-hundred-percent-height-scrolling\" style=\"--awb-border-radius-top-left:0px;--awb-border-radius-top-right:0px;--awb-border-radius-bottom-right:0px;--awb-border-radius-bottom-left:0px;--awb-flex-wrap:wrap;\" ><div class=\"fusion-builder-row fusion-row\"><div class=\"fusion-layout-column fusion_builder_column fusion-builder-column-25 fusion_builder_column_1_1 1_1 fusion-one-full fusion-column-first fusion-column-last\" style=\"--awb-bg-size:cover;\"><div class=\"fusion-column-wrapper fusion-column-has-shadow fusion-flex-column-wrapper-legacy\"><div class=\"fusion-title title fusion-title-16 fusion-sep-none fusion-title-text fusion-title-size-three\"><h3 class=\"fusion-title-heading title-heading-left fusion-responsive-typography-calculated\" style=\"margin:0;--fontSize:27;line-height:1.3;\">Cirurgia abdominal i gl\u00fatea<\/h3><\/div><div class=\"fusion-clearfix\"><\/div><\/div><\/div><div class=\"fusion-layout-column fusion_builder_column fusion-builder-column-26 fusion_builder_column_1_1 1_1 fusion-one-full fusion-column-first fusion-column-last\" style=\"--awb-bg-size:cover;\"><div class=\"fusion-column-wrapper fusion-column-has-shadow fusion-flex-column-wrapper-legacy\"><div class=\"fusion-text fusion-text-9\"><p>Aquest procediment t\u00e9 les <strong>xifres m\u00e9s elevades en danys de tipus sensitiu a nivell nervi\u00f3s<\/strong>. Entre els quals es poden esmentar la liposucci\u00f3, dermolipectom\u00edas i lipoinjecci\u00f3 en glutis.<\/p>\n<p>Els nervis en risc s\u00f3n els <strong>cutanis, els hils hipog\u00e0stric i inguinal<\/strong>, aix\u00ed com tamb\u00e9 <strong>els lumbars i el ci\u00e0tic<\/strong>. Els s\u00edmptomes m\u00e9s rellevants s\u00f3n la hipoestesia, parest\u00e8sia i un endormiscament en la zona operada o la incisi\u00f3.<\/p>\n<p>Alguna de les lesions es poden prevenir i altres no, l&#8217;important \u00e9s tenir un cirurgi\u00e0 pl\u00e0stic expert que diagnostiqui el m\u00e9s primerenc possible la lesi\u00f3 i prengui les mesures pertinents. <strong><\/strong><\/p>\n<\/div><div class=\"fusion-clearfix\"><\/div><\/div><\/div><\/div><\/div><\/p>\n","protected":false},"excerpt":{"rendered":"<p>Qualsevol cirurgia pot portar com a conseq\u00fc\u00e8ncia una complicaci\u00f3 postoperat\u00f2ria, una de les m\u00e9s freq\u00fcents \u00e9s el mal als nervis de manera temporal o permanent. <\/p>\n","protected":false},"author":1,"featured_media":5214,"comment_status":"closed","ping_status":"closed","sticky":false,"template":"","format":"standard","meta":{"_acf_changed":false,"footnotes":""},"categories":[51],"tags":[],"class_list":["post-6238","post","type-post","status-publish","format-standard","has-post-thumbnail","hentry","category-salut"],"acf":[],"yoast_head":"<!-- This site is optimized with the Yoast SEO plugin v24.1 - https:\/\/yoast.com\/wordpress\/plugins\/seo\/ -->\n<title>Danys en els nervis despr\u00e9s d&#039;una cirurgia pl\u00e0stica | Dr. Moscatiello<\/title>\n<meta name=\"description\" content=\"Quan ens sotmetem a una cirurgia pl\u00e0stica, existeix el risc de danyar algun nervi. T&#039;expliquem els efectes i riscos que comporta.\" \/>\n<meta name=\"robots\" content=\"index, follow, max-snippet:-1, max-image-preview:large, max-video-preview:-1\" \/>\n<link rel=\"canonical\" href=\"https:\/\/cirugiaplasticaandorra.com\/ca\/danys-en-els-nervis-despres-duna-cirurgia-plastica\/\" \/>\n<meta property=\"og:locale\" content=\"ca_ES\" \/>\n<meta property=\"og:type\" content=\"article\" \/>\n<meta property=\"og:title\" content=\"Danys en els nervis despr\u00e9s d&#039;una cirurgia pl\u00e0stica | Dr. Moscatiello\" \/>\n<meta property=\"og:description\" content=\"Quan ens sotmetem a una cirurgia pl\u00e0stica, existeix el risc de danyar algun nervi. T&#039;expliquem els efectes i riscos que comporta.\" \/>\n<meta property=\"og:url\" content=\"https:\/\/cirugiaplasticaandorra.com\/ca\/danys-en-els-nervis-despres-duna-cirurgia-plastica\/\" \/>\n<meta property=\"og:site_name\" content=\"Fabrizio Moscatiello\" \/>\n<meta property=\"article:published_time\" content=\"2020-07-06T09:46:05+00:00\" \/>\n<meta property=\"article:modified_time\" content=\"2021-05-20T10:25:08+00:00\" \/>\n<meta property=\"og:image\" content=\"https:\/\/cirugiaplasticaandorra.com\/imagenes\/Da\u00f1os-en-los-nervios-despu\u00e9s-de-una-cirug\u00eda-pl\u00e1stica-en-Andorra.jpg\" \/>\n\t<meta property=\"og:image:width\" content=\"400\" \/>\n\t<meta property=\"og:image:height\" content=\"400\" \/>\n\t<meta property=\"og:image:type\" content=\"image\/jpeg\" \/>\n<meta name=\"author\" content=\"Institut de cirurg\u00eda pl\u00e0stica Dr Fabrizo Moscatiello\" \/>\n<meta name=\"twitter:card\" content=\"summary_large_image\" \/>\n<script type=\"application\/ld+json\" class=\"yoast-schema-graph\">{\"@context\":\"https:\/\/schema.org\",\"@graph\":[{\"@type\":\"Article\",\"@id\":\"https:\/\/cirugiaplasticaandorra.com\/ca\/danys-en-els-nervis-despres-duna-cirurgia-plastica\/#article\",\"isPartOf\":{\"@id\":\"https:\/\/cirugiaplasticaandorra.com\/ca\/danys-en-els-nervis-despres-duna-cirurgia-plastica\/\"},\"author\":{\"name\":\"Institut de cirurg\u00eda pl\u00e0stica Dr Fabrizo Moscatiello\",\"@id\":\"https:\/\/cirugiaplasticaandorra.com\/#\/schema\/person\/22d9c3b3af852a097fcd993016b521fd\"},\"headline\":\"Danys en els nervis despr\u00e9s d&#8217;una cirurgia pl\u00e0stica\",\"datePublished\":\"2020-07-06T09:46:05+00:00\",\"dateModified\":\"2021-05-20T10:25:08+00:00\",\"mainEntityOfPage\":{\"@id\":\"https:\/\/cirugiaplasticaandorra.com\/ca\/danys-en-els-nervis-despres-duna-cirurgia-plastica\/\"},\"wordCount\":10202,\"publisher\":{\"@id\":\"https:\/\/cirugiaplasticaandorra.com\/#\/schema\/person\/22d9c3b3af852a097fcd993016b521fd\"},\"image\":{\"@id\":\"https:\/\/cirugiaplasticaandorra.com\/ca\/danys-en-els-nervis-despres-duna-cirurgia-plastica\/#primaryimage\"},\"thumbnailUrl\":\"https:\/\/cirugiaplasticaandorra.com\/imagenes\/Da\u00f1os-en-los-nervios-despu\u00e9s-de-una-cirug\u00eda-pl\u00e1stica-en-Andorra.jpg\",\"articleSection\":[\"Salut\"],\"inLanguage\":\"ca\"},{\"@type\":\"WebPage\",\"@id\":\"https:\/\/cirugiaplasticaandorra.com\/ca\/danys-en-els-nervis-despres-duna-cirurgia-plastica\/\",\"url\":\"https:\/\/cirugiaplasticaandorra.com\/ca\/danys-en-els-nervis-despres-duna-cirurgia-plastica\/\",\"name\":\"Danys en els nervis despr\u00e9s d'una cirurgia pl\u00e0stica | Dr. Moscatiello\",\"isPartOf\":{\"@id\":\"https:\/\/cirugiaplasticaandorra.com\/#website\"},\"primaryImageOfPage\":{\"@id\":\"https:\/\/cirugiaplasticaandorra.com\/ca\/danys-en-els-nervis-despres-duna-cirurgia-plastica\/#primaryimage\"},\"image\":{\"@id\":\"https:\/\/cirugiaplasticaandorra.com\/ca\/danys-en-els-nervis-despres-duna-cirurgia-plastica\/#primaryimage\"},\"thumbnailUrl\":\"https:\/\/cirugiaplasticaandorra.com\/imagenes\/Da\u00f1os-en-los-nervios-despu\u00e9s-de-una-cirug\u00eda-pl\u00e1stica-en-Andorra.jpg\",\"datePublished\":\"2020-07-06T09:46:05+00:00\",\"dateModified\":\"2021-05-20T10:25:08+00:00\",\"description\":\"Quan ens sotmetem a una cirurgia pl\u00e0stica, existeix el risc de danyar algun nervi. T'expliquem els efectes i riscos que comporta.\",\"breadcrumb\":{\"@id\":\"https:\/\/cirugiaplasticaandorra.com\/ca\/danys-en-els-nervis-despres-duna-cirurgia-plastica\/#breadcrumb\"},\"inLanguage\":\"ca\",\"potentialAction\":[{\"@type\":\"ReadAction\",\"target\":[\"https:\/\/cirugiaplasticaandorra.com\/ca\/danys-en-els-nervis-despres-duna-cirurgia-plastica\/\"]}]},{\"@type\":\"ImageObject\",\"inLanguage\":\"ca\",\"@id\":\"https:\/\/cirugiaplasticaandorra.com\/ca\/danys-en-els-nervis-despres-duna-cirurgia-plastica\/#primaryimage\",\"url\":\"https:\/\/cirugiaplasticaandorra.com\/imagenes\/Da\u00f1os-en-los-nervios-despu\u00e9s-de-una-cirug\u00eda-pl\u00e1stica-en-Andorra.jpg\",\"contentUrl\":\"https:\/\/cirugiaplasticaandorra.com\/imagenes\/Da\u00f1os-en-los-nervios-despu\u00e9s-de-una-cirug\u00eda-pl\u00e1stica-en-Andorra.jpg\",\"width\":400,\"height\":400,\"caption\":\"Danys en els nervis despr\u00e9s d'una cirurgia pl\u00e0stica a Andorra\"},{\"@type\":\"BreadcrumbList\",\"@id\":\"https:\/\/cirugiaplasticaandorra.com\/ca\/danys-en-els-nervis-despres-duna-cirurgia-plastica\/#breadcrumb\",\"itemListElement\":[{\"@type\":\"ListItem\",\"position\":1,\"name\":\"Portada\",\"item\":\"https:\/\/cirugiaplasticaandorra.com\/ca\/\"},{\"@type\":\"ListItem\",\"position\":2,\"name\":\"Danys en els nervis despr\u00e9s d&#8217;una cirurgia pl\u00e0stica\"}]},{\"@type\":\"WebSite\",\"@id\":\"https:\/\/cirugiaplasticaandorra.com\/#website\",\"url\":\"https:\/\/cirugiaplasticaandorra.com\/\",\"name\":\"Fabrizio Moscatiello\",\"description\":\"\",\"publisher\":{\"@id\":\"https:\/\/cirugiaplasticaandorra.com\/#\/schema\/person\/22d9c3b3af852a097fcd993016b521fd\"},\"potentialAction\":[{\"@type\":\"SearchAction\",\"target\":{\"@type\":\"EntryPoint\",\"urlTemplate\":\"https:\/\/cirugiaplasticaandorra.com\/?s={search_term_string}\"},\"query-input\":{\"@type\":\"PropertyValueSpecification\",\"valueRequired\":true,\"valueName\":\"search_term_string\"}}],\"inLanguage\":\"ca\"},{\"@type\":[\"Person\",\"Organization\"],\"@id\":\"https:\/\/cirugiaplasticaandorra.com\/#\/schema\/person\/22d9c3b3af852a097fcd993016b521fd\",\"name\":\"Institut de cirurg\u00eda pl\u00e0stica Dr Fabrizo Moscatiello\",\"logo\":{\"@id\":\"https:\/\/cirugiaplasticaandorra.com\/#\/schema\/person\/image\/\"}}]}<\/script>\n<!-- \/ Yoast SEO plugin. -->","yoast_head_json":{"title":"Danys en els nervis despr\u00e9s d'una cirurgia pl\u00e0stica | Dr. Moscatiello","description":"Quan ens sotmetem a una cirurgia pl\u00e0stica, existeix el risc de danyar algun nervi. T'expliquem els efectes i riscos que comporta.","robots":{"index":"index","follow":"follow","max-snippet":"max-snippet:-1","max-image-preview":"max-image-preview:large","max-video-preview":"max-video-preview:-1"},"canonical":"https:\/\/cirugiaplasticaandorra.com\/ca\/danys-en-els-nervis-despres-duna-cirurgia-plastica\/","og_locale":"ca_ES","og_type":"article","og_title":"Danys en els nervis despr\u00e9s d'una cirurgia pl\u00e0stica | Dr. Moscatiello","og_description":"Quan ens sotmetem a una cirurgia pl\u00e0stica, existeix el risc de danyar algun nervi. T'expliquem els efectes i riscos que comporta.","og_url":"https:\/\/cirugiaplasticaandorra.com\/ca\/danys-en-els-nervis-despres-duna-cirurgia-plastica\/","og_site_name":"Fabrizio Moscatiello","article_published_time":"2020-07-06T09:46:05+00:00","article_modified_time":"2021-05-20T10:25:08+00:00","og_image":[{"width":400,"height":400,"url":"https:\/\/cirugiaplasticaandorra.com\/imagenes\/Da\u00f1os-en-los-nervios-despu\u00e9s-de-una-cirug\u00eda-pl\u00e1stica-en-Andorra.jpg","type":"image\/jpeg"}],"author":"Institut de cirurg\u00eda pl\u00e0stica Dr Fabrizo Moscatiello","twitter_card":"summary_large_image","schema":{"@context":"https:\/\/schema.org","@graph":[{"@type":"Article","@id":"https:\/\/cirugiaplasticaandorra.com\/ca\/danys-en-els-nervis-despres-duna-cirurgia-plastica\/#article","isPartOf":{"@id":"https:\/\/cirugiaplasticaandorra.com\/ca\/danys-en-els-nervis-despres-duna-cirurgia-plastica\/"},"author":{"name":"Institut de cirurg\u00eda pl\u00e0stica Dr Fabrizo Moscatiello","@id":"https:\/\/cirugiaplasticaandorra.com\/#\/schema\/person\/22d9c3b3af852a097fcd993016b521fd"},"headline":"Danys en els nervis despr\u00e9s d&#8217;una cirurgia pl\u00e0stica","datePublished":"2020-07-06T09:46:05+00:00","dateModified":"2021-05-20T10:25:08+00:00","mainEntityOfPage":{"@id":"https:\/\/cirugiaplasticaandorra.com\/ca\/danys-en-els-nervis-despres-duna-cirurgia-plastica\/"},"wordCount":10202,"publisher":{"@id":"https:\/\/cirugiaplasticaandorra.com\/#\/schema\/person\/22d9c3b3af852a097fcd993016b521fd"},"image":{"@id":"https:\/\/cirugiaplasticaandorra.com\/ca\/danys-en-els-nervis-despres-duna-cirurgia-plastica\/#primaryimage"},"thumbnailUrl":"https:\/\/cirugiaplasticaandorra.com\/imagenes\/Da\u00f1os-en-los-nervios-despu\u00e9s-de-una-cirug\u00eda-pl\u00e1stica-en-Andorra.jpg","articleSection":["Salut"],"inLanguage":"ca"},{"@type":"WebPage","@id":"https:\/\/cirugiaplasticaandorra.com\/ca\/danys-en-els-nervis-despres-duna-cirurgia-plastica\/","url":"https:\/\/cirugiaplasticaandorra.com\/ca\/danys-en-els-nervis-despres-duna-cirurgia-plastica\/","name":"Danys en els nervis despr\u00e9s d'una cirurgia pl\u00e0stica | Dr. Moscatiello","isPartOf":{"@id":"https:\/\/cirugiaplasticaandorra.com\/#website"},"primaryImageOfPage":{"@id":"https:\/\/cirugiaplasticaandorra.com\/ca\/danys-en-els-nervis-despres-duna-cirurgia-plastica\/#primaryimage"},"image":{"@id":"https:\/\/cirugiaplasticaandorra.com\/ca\/danys-en-els-nervis-despres-duna-cirurgia-plastica\/#primaryimage"},"thumbnailUrl":"https:\/\/cirugiaplasticaandorra.com\/imagenes\/Da\u00f1os-en-los-nervios-despu\u00e9s-de-una-cirug\u00eda-pl\u00e1stica-en-Andorra.jpg","datePublished":"2020-07-06T09:46:05+00:00","dateModified":"2021-05-20T10:25:08+00:00","description":"Quan ens sotmetem a una cirurgia pl\u00e0stica, existeix el risc de danyar algun nervi. T'expliquem els efectes i riscos que comporta.","breadcrumb":{"@id":"https:\/\/cirugiaplasticaandorra.com\/ca\/danys-en-els-nervis-despres-duna-cirurgia-plastica\/#breadcrumb"},"inLanguage":"ca","potentialAction":[{"@type":"ReadAction","target":["https:\/\/cirugiaplasticaandorra.com\/ca\/danys-en-els-nervis-despres-duna-cirurgia-plastica\/"]}]},{"@type":"ImageObject","inLanguage":"ca","@id":"https:\/\/cirugiaplasticaandorra.com\/ca\/danys-en-els-nervis-despres-duna-cirurgia-plastica\/#primaryimage","url":"https:\/\/cirugiaplasticaandorra.com\/imagenes\/Da\u00f1os-en-los-nervios-despu\u00e9s-de-una-cirug\u00eda-pl\u00e1stica-en-Andorra.jpg","contentUrl":"https:\/\/cirugiaplasticaandorra.com\/imagenes\/Da\u00f1os-en-los-nervios-despu\u00e9s-de-una-cirug\u00eda-pl\u00e1stica-en-Andorra.jpg","width":400,"height":400,"caption":"Danys en els nervis despr\u00e9s d'una cirurgia pl\u00e0stica a Andorra"},{"@type":"BreadcrumbList","@id":"https:\/\/cirugiaplasticaandorra.com\/ca\/danys-en-els-nervis-despres-duna-cirurgia-plastica\/#breadcrumb","itemListElement":[{"@type":"ListItem","position":1,"name":"Portada","item":"https:\/\/cirugiaplasticaandorra.com\/ca\/"},{"@type":"ListItem","position":2,"name":"Danys en els nervis despr\u00e9s d&#8217;una cirurgia pl\u00e0stica"}]},{"@type":"WebSite","@id":"https:\/\/cirugiaplasticaandorra.com\/#website","url":"https:\/\/cirugiaplasticaandorra.com\/","name":"Fabrizio Moscatiello","description":"","publisher":{"@id":"https:\/\/cirugiaplasticaandorra.com\/#\/schema\/person\/22d9c3b3af852a097fcd993016b521fd"},"potentialAction":[{"@type":"SearchAction","target":{"@type":"EntryPoint","urlTemplate":"https:\/\/cirugiaplasticaandorra.com\/?s={search_term_string}"},"query-input":{"@type":"PropertyValueSpecification","valueRequired":true,"valueName":"search_term_string"}}],"inLanguage":"ca"},{"@type":["Person","Organization"],"@id":"https:\/\/cirugiaplasticaandorra.com\/#\/schema\/person\/22d9c3b3af852a097fcd993016b521fd","name":"Institut de cirurg\u00eda pl\u00e0stica Dr Fabrizo Moscatiello","logo":{"@id":"https:\/\/cirugiaplasticaandorra.com\/#\/schema\/person\/image\/"}}]}},"_links":{"self":[{"href":"https:\/\/cirugiaplasticaandorra.com\/ca\/wp-json\/wp\/v2\/posts\/6238","targetHints":{"allow":["GET"]}}],"collection":[{"href":"https:\/\/cirugiaplasticaandorra.com\/ca\/wp-json\/wp\/v2\/posts"}],"about":[{"href":"https:\/\/cirugiaplasticaandorra.com\/ca\/wp-json\/wp\/v2\/types\/post"}],"author":[{"embeddable":true,"href":"https:\/\/cirugiaplasticaandorra.com\/ca\/wp-json\/wp\/v2\/users\/1"}],"replies":[{"embeddable":true,"href":"https:\/\/cirugiaplasticaandorra.com\/ca\/wp-json\/wp\/v2\/comments?post=6238"}],"version-history":[{"count":0,"href":"https:\/\/cirugiaplasticaandorra.com\/ca\/wp-json\/wp\/v2\/posts\/6238\/revisions"}],"wp:featuredmedia":[{"embeddable":true,"href":"https:\/\/cirugiaplasticaandorra.com\/ca\/wp-json\/wp\/v2\/media\/5214"}],"wp:attachment":[{"href":"https:\/\/cirugiaplasticaandorra.com\/ca\/wp-json\/wp\/v2\/media?parent=6238"}],"wp:term":[{"taxonomy":"category","embeddable":true,"href":"https:\/\/cirugiaplasticaandorra.com\/ca\/wp-json\/wp\/v2\/categories?post=6238"},{"taxonomy":"post_tag","embeddable":true,"href":"https:\/\/cirugiaplasticaandorra.com\/ca\/wp-json\/wp\/v2\/tags?post=6238"}],"curies":[{"name":"wp","href":"https:\/\/api.w.org\/{rel}","templated":true}]}}